{"id":589,"date":"2025-12-27T12:42:24","date_gmt":"2025-12-27T12:42:24","guid":{"rendered":"https:\/\/teresekuhl.com\/?p=589"},"modified":"2026-02-08T13:03:21","modified_gmt":"2026-02-08T13:03:21","slug":"kohti-kirkasta-visiota","status":"publish","type":"post","link":"https:\/\/teresekuhl.com\/?p=589","title":{"rendered":"Kohti kirkasta visiota"},"content":{"rendered":"\n<blockquote class=\"wp-block-quote is-layout-flow wp-block-quote-is-layout-flow\">\n<p><strong>Kohti kirkasta visiota &#8211; Vuosi 2025 on paketissa ja nyt menn\u00e4\u00e4n kohti uutta valoa<\/strong><\/p>\n<\/blockquote>\n\n\n\n<p><em><sub><sup>Jos haluat kuunnella blogin podi-muodossa <\/sup><\/sub><\/em><a href=\"https:\/\/audio.com\/tereses-art-agency\/audio\/kohtikirkastavisiota\" data-type=\"link\" data-id=\"https:\/\/audio.com\/tereses-art-agency\/audio\/kohtikirkastavisiota\"><sub><sup>klikkaa Audio.comiin<\/sup><\/sub><\/a><em><br><\/em>Vuosi 2025 oli isojen ja iloisten muutosten ja oppimisen vuosi. Se oli my\u00f6s ensimm\u00e4inen vuoteni yritt\u00e4j\u00e4n\u00e4 kes\u00e4kuussa perustamassani taiteen v\u00e4litt\u00e4jyyteen erikoistuneessa Terese&#8217;s Art Agency:ssa. Yritt\u00e4jyys sai lent\u00e4v\u00e4n l\u00e4hd\u00f6n kun palveluilleni oli jo valmiiksi kysynt\u00e4\u00e4. T\u00f6it\u00e4 tein paljon ja monipuolisesti, my\u00f6nnett\u00e4k\u00f6\u00f6n ett\u00e4 v\u00e4h\u00e4n liian paljon, vaikka luulin tunteneeni rajani. Syksyll\u00e4 minulle tapahtui pieni v\u00e4s\u00e4hdys kun yll\u00e4tt\u00e4vien el\u00e4m\u00e4nmuutosten my\u00f6t\u00e4 voimavarani ehtyiv\u00e4t ja ty\u00f6t kaatuivat niskaan. Mutta t\u00e4st\u00e4 selvisin t\u00f6it\u00e4 karsimalla ja uudelleen j\u00e4rjestelem\u00e4ll\u00e4. Kiitos joustavien asiakkaitteni, kaikki sovitut ty\u00f6t olen saanut tehty\u00e4 ja muutama juttu siirtyi ensi vuoteen. Osasin my\u00f6s pit\u00e4\u00e4 vapaata loppuvuodesta, jotta sain palauduttua kunnolla.<\/p>\n\n\n\n<p>Vuoden 2025 suurin lahja oli juuri t\u00e4m\u00e4 v\u00e4s\u00e4ht\u00e4minen, sill\u00e4 se sai minut uudelleen arvioimaan oman jaksamiseni rajoja, nimenomaan yritt\u00e4j\u00e4n\u00e4. Se sai minut kriittisesti miettim\u00e4\u00e4n, mihin palveluihin, asiakkaisiin ja asiantuntijuuteen minun tulisi seuraavaksi fokusoida voimavarani ja keskittymiseni. Otan t\u00e4m\u00e4n lahjan ilolla vastaan sill\u00e4 haluan alati kehitty\u00e4 ihmisen\u00e4 ja yritt\u00e4j\u00e4n\u00e4. Haluan luoda itselleni sellaisen yritt\u00e4jyyden, joka palvelee minua ihmisen\u00e4, jotta voin siten entist\u00e4 paremmin palvella asiakkaitani. Seuraavassa avaan yritt\u00e4jyyteni ensiaskeleita ja tulevaisuuden tavoitteita vuoden 2026 osalta.<\/p>\n\n\n\n<p><strong>Vuoden 2025 palvelut ja asiakkaat<\/strong><\/p>\n\n\n\n<p>Yritykseni palveluilla oli hyv\u00e4 kysynt\u00e4, joka oli osin jo kev\u00e4\u00e4ll\u00e4 tiedossa mutta yll\u00e4tti minut silti positiivisesti. Yhteens\u00e4 minulla oli 14 asiakasta, viisi taideinstituutiota ja -yhdistyst\u00e4 ja yhdeks\u00e4n taidealan ammattilaista etup\u00e4\u00e4ss\u00e4 ammattitaiteilijoita, joista olen kaikista \u00e4\u00e4rimm\u00e4isen kiitollinen. Olemme yhdess\u00e4 saaneet oppia ja kehitty\u00e4. Yritykseni keskittyi kahdentyyppisiin palvelukokonaisuuksiin, joita ovat konsultointi- ja edustuspalvelut sek\u00e4 koulutus- ja valmennuspalvelut. Edell\u00e4 mainittu kattoi sek\u00e4 managerointi- ja agentointipalvelut etup\u00e4\u00e4ss\u00e4 taidesponsorointiin, -lisensointiin ja -konseptointiin liittyen. J\u00e4lkimm\u00e4inen piti sis\u00e4ll\u00e4\u00e4n mentorointia, valmennuspaketteja ja webinaareja. N\u00e4iss\u00e4 toimin asiantuntijana mm. taiteen hinnoittelun, konseptoinnin ja taidesponsoroinnin kumppanuushankinnan teemoissa.<\/p>\n\n\n\n<p>Tuottojen osalta palveluni jakautuivat vuonna 2025 seuraavasti: konsultointi ja edustus 64 % ja koulutus ja valmennus 36 %. Konsultoinnin ja edustamisen tuotoista hieman alle puolet kertyi ammattitaiteilijoilta, joita oli viisi kappaletta, loput tuli kahdelta t\u00e4m\u00e4n palvelun instituutioasiakkaalta. Koulutuksen ja valmennuksen kokonaisuuden asiakkaista kolme oli taideinstituutioita joilta saadut palkkiot kattoivat yli 80 % n\u00e4ist\u00e4 tuotoista. Mentorointi- ja valmennuspalveluita tarjosin nelj\u00e4lle taidealan ammattilaiselle.<\/p>\n\n\n\n<p>Vaikka asiakkaita oli lukum\u00e4\u00e4r\u00e4isesti suhteellisen paljon, laskutin 58 % kaikista tuotoistani kolmelta isoimmalta taideinstituutio- ja yhdistysasiakkaaltani. T\u00e4m\u00e4 kertoo sen, ett\u00e4 yritykseni tuotot tulivat suurimmaksi osaksi muutamasta isommasta asiakkuudesta vuoden 2025 aikana.<\/p>\n\n\n\n<p><strong>Vuosi 2026 on fokusoitumisen aikaa<\/strong><\/p>\n\n\n\n<p>Jo syksyll\u00e4 p\u00e4\u00e4tin, ett\u00e4 kev\u00e4\u00e4ll\u00e4 2026 tulen keksittym\u00e4\u00e4n vain muutaman asiantuntijaosaamisalueen kehitt\u00e4miseen ja ne ovat taidesponsorointi ja taidelisensointi. N\u00e4iss\u00e4 haluan kehitty\u00e4 edelleen ja siksi valitsen ty\u00f6ni my\u00f6s niiden piirist\u00e4.<\/p>\n\n\n\n<p>Asiakkuuksien osalta haluan keskitty\u00e4 muutamaan isompaan asiakkuuteen, jotka ovat etup\u00e4\u00e4ss\u00e4 taideinstituutioita. Haluan silt\u00e4 palvella my\u00f6s ammattitaiteilijoita ja ty\u00f6ni muutaman pitk\u00e4aikaisen asiakkaani kanssa jatkuu edelleen. Toiveeni on ett\u00e4 konsultointi- ja edustuspalveluni kattaisivat edelleen suurimman osan yritykseni tuotoista.<\/p>\n\n\n\n<p>Koulutus- ja valmennuspalveluita haluan tehd\u00e4 v\u00e4hemm\u00e4n ja henkil\u00f6mentorointien sijaan tulen keskittym\u00e4\u00e4n ns. passiivisten tulonl\u00e4hteiden luomiseen. Haluan kirjoittaa taidealan ammattilaisille suunnattuja oppaita asiantuntemukseni pohjalta ja myyd\u00e4 niit\u00e4 verkkokaupassani. T\u00e4m\u00e4 onkin oma kehityshankkeeni, jota olen jo muutaman vuoden ajan suunnitellut tekev\u00e4ni ja joka vie minua kohti isompaa unelmaani tietokirjan ja v\u00e4it\u00f6skirjan kirjoittamisesta.<\/p>\n\n\n\n<p>Ensi kev\u00e4\u00e4n\u00e4 suunnitelmiini kuuluu siis my\u00f6s kirjoittaminen, johon liittyen olen saanut muutaman toimeksiannon, toinen on artikkeli osaksi tieteellist\u00e4 julkaisua ja sen kimppuun p\u00e4\u00e4sen heti alkuvuodesta. Loppukev\u00e4\u00e4st\u00e4 keskityn taidesponsoroinnin oppaan kirjoittamiseen osana Suomen Taiteilijaseuran Uudet mesenaatit -hanketta.<\/p>\n\n\n\n<p><strong>Kohti kirkasta valoa<\/strong><\/p>\n\n\n\n<p>Kun l\u00e4hdin luomaan uutta uraani taidealalla pian seitsem\u00e4n vuotta sitten, toiveeni oli olla vapaa luomaan ja ilmaisemaan itse\u00e4ni. Visiossani pystyin el\u00e4tt\u00e4m\u00e4\u00e4n itseni omalla ty\u00f6ll\u00e4ni ja nauttimaan el\u00e4m\u00e4st\u00e4ni. Halusin el\u00e4\u00e4 henkisesti rikasta ja tasapainoista el\u00e4m\u00e4\u00e4 ja valita juuri itselleni sopivat hankkeet ja yhteisty\u00f6kumppanit. T\u00e4m\u00e4 visio siint\u00e4\u00e4 edess\u00e4ni edelleen kirkkaana. Olen edennyt sen saavuttamiseksi jo pitk\u00e4lle ja uskon vahvasti ett\u00e4 pystyn tulevaisuudessakin el\u00e4tt\u00e4m\u00e4\u00e4n itseni omalla intohimoty\u00f6ll\u00e4ni. Kun visio on kirkas ohjaa se tekem\u00e4\u00e4n oikeita valintoja ja asettamaan visiota palvelevia konkreettisia tavoitteita.<\/p>\n\n\n\n<p>Koska olen luonteeltani hyvin m\u00e4\u00e4r\u00e4tietoinen ja tavoitehakuinen ihminen, olen asettanut itselleni my\u00f6s spesifej\u00e4 mutta realististisia tavoitteita. Koska luovan alan yritt\u00e4jyys on minulle oma valinta ja el\u00e4m\u00e4ntapa liittyv\u00e4t osa tavoitteistani el\u00e4m\u00e4nlaatuun, palautumiseen ja itseilmaisuun. Osa tavoitteista on ns. kovempia, numeerisia ja t\u00e4ht\u00e4\u00e4v\u00e4t tuloksen takomiseen.<\/p>\n\n\n\n<p><strong>Tavoitteet realisoituvat teoilla<\/strong><\/p>\n\n\n\n<p>Kev\u00e4\u00e4n 2026 ykk\u00f6stavoitteena on tienata ty\u00f6ll\u00e4ni hyvin jotta voin starttirahakauden j\u00e4lkeen todeta p\u00e4rj\u00e4\u00e4v\u00e4ni oman ty\u00f6ni tuloksilla ja rahaa j\u00e4\u00e4 my\u00f6s s\u00e4\u00e4st\u00f6\u00f6n. Haluan tehd\u00e4 mielekk\u00e4it\u00e4, merkityksellisi\u00e4 ja haastavia t\u00f6it\u00e4 sopivassa m\u00e4\u00e4rin, mutta en liikaa. Kulunut syksy opetti minulle, ett\u00e4 v\u00e4hempi on enempi ja ett\u00e4 fokusoimalla muutamaan asiaan kerrallaan voi saavuttaa tavoitteensa j\u00e4rkev\u00e4mmin ja omia voimavarojaan vaalien.<\/p>\n\n\n\n<p>Toinen ammatillinen tavoite on fokusoituminen. Fokusoituminen oikeasti merkityksellisiin asioihin. Fokusoituminen tiukemmin rajattuun asiantuntijuuteen ja palvelupalettiin. Fokusoituminen pienemp\u00e4\u00e4n m\u00e4\u00e4r\u00e4\u00e4n asiakkuuksia.<\/p>\n\n\n\n<p>Kolmas tavoite on tasapaino ty\u00f6n ja vapaan v\u00e4lill\u00e4. T\u00e4m\u00e4 tarkoittaa lomien bookkaamista kalenteriin etuk\u00e4teen, mik\u00e4 kokemukseni mukaan varmistaa sen ett\u00e4 ne tulee my\u00f6s pidetty\u00e4. Lomaa on luvassa kaikkina vuodenaikoina yhdess\u00e4 yritt\u00e4j\u00e4puolisoni kanssa. Tasapaino tulee n\u00e4kym\u00e4\u00e4n my\u00f6s arjessa liikkeen, taukojen ja terveiden el\u00e4m\u00e4ntapojen muodossa. Jokap\u00e4iv\u00e4iset mets\u00e4lenkit, hyv\u00e4 ty\u00f6ergonomia ja omavaraistelu kasvimaalla ja keitti\u00f6ss\u00e4 takaavat terveyden arjessa. El\u00e4m\u00e4n onnellisuus piileekin hyv\u00e4ss\u00e4 ja tasapainoisessa arjessa, rutiinit on mulle kaiken a ja o.<\/p>\n\n\n\n<p>Nelj\u00e4nten\u00e4 tavoitteenani vuodelle 2026 on ajan raivaaminen rauhoittumiselle, syventymiselle ja pohdiskelulle. T\u00e4t\u00e4 haluan toteuttaa joka p\u00e4iv\u00e4 ajattelun, kirjoittamisen, lukemisen ja keskustelun muodossa. Sen sijaan ett\u00e4 suorittaisin ty\u00f6t\u00e4ni ja t\u00e4ytt\u00e4isin kalenterini \u00e4\u00e4rimmilleen, haluan keskitty\u00e4 ja paneutua ty\u00f6h\u00f6ni rauhassa. Kalenterini pyrin pit\u00e4m\u00e4\u00e4n v\u00e4lj\u00e4n\u00e4 jotta yll\u00e4tt\u00e4ville asioille ja joustolle on varaa koska el\u00e4m\u00e4ss\u00e4 voi sattua ja tapahtua kaikenlaista yll\u00e4tt\u00e4v\u00e4\u00e4. My\u00f6s tauotus ja oman kehon signaalien kuuntelu on ensiarvoisen t\u00e4rke\u00e4\u00e4 jaksamisen kannalta.<\/p>\n\n\n\n<p><strong>Rakkaat aivoni &#8211; t\u00e4rkein ty\u00f6kaluni<\/strong><\/p>\n\n\n\n<p>Iso osa ty\u00f6st\u00e4ni tapahtuu p\u00e4\u00e4n sis\u00e4ll\u00e4, joten oman aivoterveyden vaaliminen on t\u00e4rke\u00e4\u00e4. Sen olen huomannut vasta viime vuosina ett\u00e4 asiantuntijaty\u00f6 ei ole tietokoneen \u00e4\u00e4ress\u00e4 istumista vaan iso osa ty\u00f6st\u00e4 tapahtuu ihan jossain muualla. Rakastan keskustella erilaisten ihmisten kanssa, kirjoittaa ja lukea. My\u00f6s ikkunasta lintujen seurailu ja arkinen puuhastelu kotona ja pihalla tekee aivoille hyv\u00e4\u00e4, lepoa ja unta unohtamatta. Siis v\u00e4hemm\u00e4n \u00e4lylaitteita ja enemm\u00e4n arkista el\u00e4m\u00e4\u00e4. Kun aivoni on lev\u00e4nneet saan my\u00f6s parhaat ideat ty\u00f6h\u00f6ni joka on hyvin luovaa.<\/p>\n\n\n\n<p>Olen enemm\u00e4n kuin valmis uuteen vuoteen! Olen lev\u00e4nnyt ja t\u00e4ynn\u00e4 uutta intoa. Kun askelmerkit on selv\u00e4t, voi rauhassa luottaa, ett\u00e4 hyvin suunniteltu ja tehty ty\u00f6 kantaa ja vie kohti tavoitteita ja kirkasta visiota. Kiitos 2025 ja tervetuloa 2026!<\/p>\n\n\n\n<p>Tyynel\u00e4ss\u00e4 27.12.2025<br><em>Terese K\u00fchl<\/em><\/p>\n\n\n\n<p><em><sub><em><sub>Jos haluat kuunnella blogin podi-muodossa <\/sub><\/em><sub><a href=\"https:\/\/audio.com\/tereses-art-agency\/audio\/kohtikirkastavisiota\" data-type=\"link\" data-id=\"https:\/\/audio.com\/tereses-art-agency\/audio\/kohtikirkastavisiota\">klikkaa Audio.comiin<\/a><\/sub><\/sub><\/em><\/p>\n\n\n\n<p><strong>Taide ja raha -blogin<\/strong> kirjoittaja on taidemanageri Terese K\u00fchl taiteen v\u00e4litt\u00e4miseen erikoistuneessa asiantuntijayrityksess\u00e4\u00e4n Terese&#8217;s Art Agency. Lue lis\u00e4\u00e4 <a href=\"https:\/\/teresekuhl.com\/?page_id=393\" data-type=\"link\" data-id=\"https:\/\/teresekuhl.com\/?page_id=393\">yrityksest\u00e4, sen palveluista<\/a>, <a href=\"https:\/\/teresekuhl.com\/?page_id=311\" data-type=\"link\" data-id=\"https:\/\/teresekuhl.com\/?page_id=311\">referensseist\u00e4 <\/a>ja <a href=\"https:\/\/teresekuhl.com\/?page_id=92\" data-type=\"link\" data-id=\"https:\/\/teresekuhl.com\/?page_id=92\">yritt\u00e4j\u00e4n matkasta<\/a>.<\/p>\n\n\n\n<p>Seuraa Terese\u00e4 my\u00f6s somessa: <a href=\"https:\/\/www.instagram.com\/teresesartagency\/\" data-type=\"link\" data-id=\"https:\/\/www.instagram.com\/teresesartagency\/\">Instagram <\/a>ja <a href=\"https:\/\/www.linkedin.com\/in\/terese-k%C3%BChl-terese%E2%80%99s-art-agency-641a052b0\/\" data-type=\"link\" data-id=\"https:\/\/www.linkedin.com\/in\/terese-k%C3%BChl-terese%E2%80%99s-art-agency-641a052b0\/\">LinkedIn<\/a>. <\/p>\n\n\n\n<p>Ota yhteytt\u00e4: tereses . artagency @ gmail . com<\/p>\n\n\n\n<figure class=\"wp-block-image aligncenter size-full\"><img loading=\"lazy\" decoding=\"async\" width=\"500\" height=\"500\" src=\"https:\/\/teresekuhl.com\/wp-content\/uploads\/2025\/12\/Copy-of-Copy-of-Copy-of-Copy-of-Copy-of-Copy-of-Copy-of-vALITTAJAVALMENNUS.png\" alt=\"\" class=\"wp-image-590\" srcset=\"https:\/\/teresekuhl.com\/wp-content\/uploads\/2025\/12\/Copy-of-Copy-of-Copy-of-Copy-of-Copy-of-Copy-of-Copy-of-vALITTAJAVALMENNUS.png 500w, https:\/\/teresekuhl.com\/wp-content\/uploads\/2025\/12\/Copy-of-Copy-of-Copy-of-Copy-of-Copy-of-Copy-of-Copy-of-vALITTAJAVALMENNUS-300x300.png 300w, https:\/\/teresekuhl.com\/wp-content\/uploads\/2025\/12\/Copy-of-Copy-of-Copy-of-Copy-of-Copy-of-Copy-of-Copy-of-vALITTAJAVALMENNUS-150x150.png 150w\" sizes=\"auto, (max-width: 500px) 100vw, 500px\" \/><\/figure>\n\n\n\n<p><\/p>\n","protected":false},"excerpt":{"rendered":"<p>Kohti kirkasta visiota &#8211; Vuosi 2025 on paketissa ja nyt menn\u00e4\u00e4n kohti uutta valoa Jos haluat kuunnella blogin podi-muodossa klikkaa Audio.comiinVuosi 2025 oli isojen ja iloisten muutosten ja oppimisen vuosi. Se oli my\u00f6s ensimm\u00e4inen vuoteni yritt\u00e4j\u00e4n\u00e4 kes\u00e4kuussa perustamassani taiteen v\u00e4litt\u00e4jyyteen erikoistuneessa Terese&#8217;s Art Agency:ssa. Yritt\u00e4jyys sai lent\u00e4v\u00e4n l\u00e4hd\u00f6n kun palveluilleni oli jo valmiiksi kysynt\u00e4\u00e4. T\u00f6it\u00e4 [&hellip;]<\/p>\n","protected":false},"author":1,"featured_media":0,"comment_status":"open","ping_status":"open","sticky":false,"template":"","format":"standard","meta":{"_jetpack_memberships_contains_paid_content":false,"footnotes":""},"categories":[58,63,57,3,59,12,1],"tags":[129,128,100,123,124,99,33,125,111,116,112,48,88,127,94,93,8,122,126],"class_list":["post-589","post","type-post","status-publish","format-standard","hentry","category-kulttuurinsponsorointi","category-kulttuurisponsorointi","category-sponsorointi","category-taiteenansaintamallit","category-taiteensponsorointi","category-tavoiteasetanta","category-yhteistyokumppanuudet","tag-129","tag-128","tag-agentti","tag-kumppanuudet","tag-lisensointi","tag-manageri","tag-sponsorointi","tag-taide-ja-raha","tag-taideagentti","tag-taidelisensointi","tag-taidemanageri","tag-taidesponsorointi","tag-taiteen-valittaja","tag-tavoitteet","tag-terese-kuhl","tag-tereses-art-agency","tag-teresekuhl","tag-teresesartagency","tag-visio"],"jetpack_featured_media_url":"","jetpack_sharing_enabled":true,"_links":{"self":[{"href":"https:\/\/teresekuhl.com\/index.php?rest_route=\/wp\/v2\/posts\/589","targetHints":{"allow":["GET"]}}],"collection":[{"href":"https:\/\/teresekuhl.com\/index.php?rest_route=\/wp\/v2\/posts"}],"about":[{"href":"https:\/\/teresekuhl.com\/index.php?rest_route=\/wp\/v2\/types\/post"}],"author":[{"embeddable":true,"href":"https:\/\/teresekuhl.com\/index.php?rest_route=\/wp\/v2\/users\/1"}],"replies":[{"embeddable":true,"href":"https:\/\/teresekuhl.com\/index.php?rest_route=%2Fwp%2Fv2%2Fcomments&post=589"}],"version-history":[{"count":11,"href":"https:\/\/teresekuhl.com\/index.php?rest_route=\/wp\/v2\/posts\/589\/revisions"}],"predecessor-version":[{"id":655,"href":"https:\/\/teresekuhl.com\/index.php?rest_route=\/wp\/v2\/posts\/589\/revisions\/655"}],"wp:attachment":[{"href":"https:\/\/teresekuhl.com\/index.php?rest_route=%2Fwp%2Fv2%2Fmedia&parent=589"}],"wp:term":[{"taxonomy":"category","embeddable":true,"href":"https:\/\/teresekuhl.com\/index.php?rest_route=%2Fwp%2Fv2%2Fcategories&post=589"},{"taxonomy":"post_tag","embeddable":true,"href":"https:\/\/teresekuhl.com\/index.php?rest_route=%2Fwp%2Fv2%2Ftags&post=589"}],"curies":[{"name":"wp","href":"https:\/\/api.w.org\/{rel}","templated":true}]}}